{"id":527,"date":"2011-07-04T21:13:07","date_gmt":"2011-07-04T19:13:07","guid":{"rendered":"http:\/\/www.raneri.it\/blog\/?p=527"},"modified":"2011-07-04T21:30:11","modified_gmt":"2011-07-04T19:30:11","slug":"14-anni-di-apple-in-14-screenshot","status":"publish","type":"post","link":"https:\/\/quadracode.com\/hub\/14-anni-di-apple-in-14-screenshot\/","title":{"rendered":"14 anni di Apple in 14 screenshot"},"content":{"rendered":"<div>\n<p><img loading=\"lazy\" decoding=\"async\" class=\"alignleft\" title=\"Steve Jobs nel 1984\" src=\"http:\/\/quadracode.com\/hub\/blog\/eng\/wp-content\/uploads\/2011\/07\/steve-jobs-1984-macintosh-27-years-150x150.jpg\" alt=\"\" width=\"150\" height=\"150\" \/>Apple \u00e8 sulla bocca di tutti. Uno dei migliori modi per visualizzare la storia di una azienda informatica \u00e8 attraverso il suo sito, e come questo \u00e8 cambiato nel corso degli anni. Vi presentiamo una serie di screenshot della home page di\u00a0Apple.com: uno per ogni anno, dal 1997 al 2010. Buon viaggio!<br \/>\n<em><br \/>\nTIP: Non abbiamo aggiunto alcun &#8220;effetto speciale&#8221; ai link degli screenshot, cos\u00ec potrete vederli a pieno schermo. Se desiderate aprirli in una nuova finestra (se stata leggendo questa pagina da un computer), cliccate semplicemente sulle miniature con la rotella del vostro mouse, per aprire l&#8217;immagine grande in una nuova scheda.<img decoding=\"async\" title=\"More...\" src=\"http:\/\/quadracode.com\/hub\/blog\/eng\/wp-includes\/js\/tinymce\/plugins\/wordpress\/img\/trans.gif\" alt=\"\" \/><br \/>\n<\/em><\/p>\n<div id=\"_mcePaste\">\n<ul class=\"listona\">\n<li><a href=\"http:\/\/quadracode.com\/hub\/blog\/eng\/wp-content\/uploads\/2011\/07\/1997-07-15.png\"><img loading=\"lazy\" decoding=\"async\" class=\"alignleft\" title=\"1997-07-15\" src=\"http:\/\/quadracode.com\/hub\/blog\/eng\/wp-content\/uploads\/2011\/07\/1997-07-15-150x150.png\" alt=\"\" width=\"150\" height=\"150\" \/><\/a><strong>15 Luglio 1997<\/strong><br \/>\n4 \u00a0giorni prima, il presidente Gil Amelio dava le dimissioni da Apple. Steve Jobs \u00e8 appena tornato come consulente. Al Macworld Expo del 1997, Jobs annuncia un accordo con Microsoft, che porter\u00e0 al rilascio di una nuova versione di Office per Macintosh.<\/li>\n<li><a href=\"http:\/\/quadracode.com\/hub\/blog\/eng\/wp-content\/uploads\/2011\/07\/1998-05-09.png\"><img loading=\"lazy\" decoding=\"async\" class=\"alignleft\" title=\"1998-05-09\" src=\"http:\/\/quadracode.com\/hub\/blog\/eng\/wp-content\/uploads\/2011\/07\/1998-05-09-150x150.png\" alt=\"\" width=\"150\" height=\"150\" \/><\/a><strong>8 Maggio 1998<\/strong><br \/>\nIl nuovo iMac vender\u00e0 circa 800.000 unit\u00e0 in cinque mesi. Il capo designer, Jonathan Ive, preparer\u00e0 alcuni anni pi\u00f9 tardi il design di iPod e iPhone.<\/li>\n<li><a href=\"http:\/\/quadracode.com\/hub\/blog\/eng\/wp-content\/uploads\/2011\/07\/1999-10-05.png\"><img loading=\"lazy\" decoding=\"async\" class=\"alignleft\" title=\"1999-10-05\" src=\"http:\/\/quadracode.com\/hub\/blog\/eng\/wp-content\/uploads\/2011\/07\/1999-10-05-150x150.png\" alt=\"\" width=\"150\" height=\"150\" \/><\/a><strong>5 Ottobre 1999<\/strong><br \/>\nIl Power Mac G4 \u00e8 classificato dai governi americani e cinesi come &#8220;arma&#8221;, per via della sua velocit\u00e0 di 1 Gigaflop\u00a0(un miliardo di operazioni in virgola mobile al secondo).<\/li>\n<li><a href=\"http:\/\/quadracode.com\/hub\/blog\/eng\/wp-content\/uploads\/2011\/07\/2000-10-17.png\"><img loading=\"lazy\" decoding=\"async\" class=\"alignleft\" title=\"2000-10-17\" src=\"http:\/\/quadracode.com\/hub\/blog\/eng\/wp-content\/uploads\/2011\/07\/2000-10-17-150x150.png\" alt=\"\" width=\"150\" height=\"150\" \/><\/a><strong>17 Ottobre 2000<\/strong><br \/>\nIl 2000 \u00e8 l&#8217;anno dell&#8217;iBook, lanciato il 21 Luglio. Apple \u00e8 ancora &#8220;bloccata&#8221; come azienda che produce personal computer.<\/li>\n<li><a href=\"http:\/\/quadracode.com\/hub\/blog\/eng\/wp-content\/uploads\/2011\/07\/2001-09-17.png\"><img loading=\"lazy\" decoding=\"async\" class=\"alignleft\" title=\"2001-09-17\" src=\"http:\/\/quadracode.com\/hub\/blog\/eng\/wp-content\/uploads\/2011\/07\/2001-09-17-150x150.png\" alt=\"\" width=\"150\" height=\"150\" \/><\/a><strong>17 Settembre 2001<\/strong><br \/>\nCome molti siti in tutto il mondo, Apple dedica un tributo alle vittime dell&#8217;11 Settembre.<\/li>\n<li><a href=\"http:\/\/quadracode.com\/hub\/blog\/eng\/wp-content\/uploads\/2011\/07\/2002-05-29.png\"><img loading=\"lazy\" decoding=\"async\" class=\"alignleft\" title=\"2002-05-29\" src=\"http:\/\/quadracode.com\/hub\/blog\/eng\/wp-content\/uploads\/2011\/07\/2002-05-29-150x150.png\" alt=\"\" width=\"150\" height=\"150\" \/><\/a><strong>29 Maggio 2002<\/strong><br \/>\nApple tenta un debutto nel mercato server con l&#8217;Xserve 1U rack mounted. E&#8217; una macchina equipaggiata con doppio G4 e due hard disk ATA invece che SCSI. Il prezzo di Xserver 1U \u00e8 relativamente inferiore ad altre macchine di classe analoga. Un nuovo iMac, con uno&#8230; strano design sferico viene lanciato all&#8217;inizio dell&#8217;anno. Verr\u00e0 interrotto nel 2004.<\/li>\n<li><a href=\"http:\/\/quadracode.com\/hub\/blog\/eng\/wp-content\/uploads\/2011\/07\/2003-11-29.png\"><img loading=\"lazy\" decoding=\"async\" class=\"alignleft\" title=\"2003-11-29\" src=\"http:\/\/quadracode.com\/hub\/blog\/eng\/wp-content\/uploads\/2011\/07\/2003-11-29-150x150.png\" alt=\"\" width=\"150\" height=\"150\" \/><\/a><strong>29 Novembre 2003<\/strong><br \/>\nViene presentato iTunes per Windows. I Mac sono ancora su processori G4 e G5, e il sistema operativo dell&#8217;anno \u00e8 Mac OS X Panther.<\/li>\n<\/ul>\n<div style=\"clear:both; margin:15px 0 15px 60px\">\n<script type=\"text\/javascript\">\/\/ <![CDATA[\n google_ad_client = \"ca-pub-8261993531573438\"; \/* blog_apple_history *\/ google_ad_slot = \"4293412973\"; google_ad_width = 336; google_ad_height = 280;\n\/\/ ]]><\/script><br \/>\n<script src=\"http:\/\/pagead2.googlesyndication.com\/pagead\/show_ads.js\" type=\"text\/javascript\">\n<\/script>\n<\/div>\n<ul class=\"listona\">\n<li><a href=\"http:\/\/quadracode.com\/hub\/blog\/eng\/wp-content\/uploads\/2011\/07\/2004-07-14.png\"><img loading=\"lazy\" decoding=\"async\" class=\"alignleft\" title=\"2004-07-14\" src=\"http:\/\/quadracode.com\/hub\/blog\/eng\/wp-content\/uploads\/2011\/07\/2004-07-14-150x150.png\" alt=\"\" width=\"150\" height=\"150\" \/><\/a><strong>14 Luglio 2004<\/strong><br \/>\nMentre la 100 milionesima canzone viene acquistata su iTunes, il design dei prodotti Apple (come si pu\u00f2 vedere nei monitor dell&#8217;angolo in basso a sinistra) \u00e8 gi\u00e0 simile a quello di oggi.<\/li>\n<li><a href=\"http:\/\/quadracode.com\/hub\/blog\/eng\/wp-content\/uploads\/2011\/07\/2005-10-01.png\"><img loading=\"lazy\" decoding=\"async\" class=\"alignleft\" title=\"2005-10-01\" src=\"http:\/\/quadracode.com\/hub\/blog\/eng\/wp-content\/uploads\/2011\/07\/2005-10-01-150x150.png\" alt=\"\" width=\"150\" height=\"150\" \/><\/a><strong>1\u00b0 Ottobre 2005<\/strong><br \/>\nL&#8217;uragano iPod Nano. Sar\u00e0 un successo senza precedenti, che ancora oggi non si \u00e8 fermeto. Accanto ad un vero uragano: Katrina \u00e8 il pi\u00f9 grande disastro naturale nella storia degli Stati Uniti.<\/li>\n<li><a href=\"http:\/\/quadracode.com\/hub\/blog\/eng\/wp-content\/uploads\/2011\/07\/2006-06-14.png\"><img loading=\"lazy\" decoding=\"async\" class=\"alignleft\" title=\"2006-06-14\" src=\"http:\/\/quadracode.com\/hub\/blog\/eng\/wp-content\/uploads\/2011\/07\/2006-06-14-150x150.png\" alt=\"\" width=\"150\" height=\"150\" \/><\/a><strong>14 Giugno 2006<\/strong><br \/>\n&#8220;I&#8217;m a PC, I&#8217;m a Mac&#8221;. La nuova campagna pubblicitaria di Apple \u00e8 un grande tormentone, con centinaia di parodie sul web. Sembra che le scelte di marketing per Apple siano ora puntate ad accentuare la guerra dei propri fanboy contro la gente pro-Microsoft.<\/li>\n<li><a href=\"http:\/\/quadracode.com\/hub\/blog\/eng\/wp-content\/uploads\/2011\/07\/2007-01-10.png\"><img loading=\"lazy\" decoding=\"async\" class=\"alignleft\" title=\"2007-01-10\" src=\"http:\/\/quadracode.com\/hub\/blog\/eng\/wp-content\/uploads\/2011\/07\/2007-01-10-150x150.png\" alt=\"\" width=\"150\" height=\"150\" \/><\/a><strong>10 Gennaio\u00a02007<\/strong><br \/>\n2007 \u00e8 l&#8217;anno in cui &#8220;Apple Computers, Inc.&#8221; diventa &#8220;Apple Inc.&#8221;, e non \u00e8 una coincidenza. Con gli iPod, le Apple TV, e infine con iPhone, Apple non \u00e8 pi\u00f9 un semplice costrutture di computer.<\/li>\n<li><a href=\"http:\/\/quadracode.com\/hub\/blog\/eng\/wp-content\/uploads\/2011\/07\/2008-02-15.png\"><img loading=\"lazy\" decoding=\"async\" class=\"alignleft\" title=\"2008-02-15\" src=\"http:\/\/quadracode.com\/hub\/blog\/eng\/wp-content\/uploads\/2011\/07\/2008-02-15-150x150.png\" alt=\"\" width=\"150\" height=\"150\" \/><\/a><strong>15 Febbraio 2008<\/strong><br \/>\nIl Mobile Computing \u00e8 ormai un&#8217;attivit\u00e0 principale per Apple. Sembre che gli utenti siano pi\u00f9 interessati a computer &#8220;mobili&#8221; da affiancare ai propri dispositivi &#8220;mobili&#8221;. E&#8217; quindi il momento di lanciare un laptop che sia davvero &#8220;mobile&#8221;: il Macbook Air \u00e8 il pi\u00f9 sottile e leggero portatile sul mercato.<\/li>\n<li><a href=\"http:\/\/quadracode.com\/hub\/blog\/eng\/wp-content\/uploads\/2011\/07\/2009-04-09.png\"><img loading=\"lazy\" decoding=\"async\" class=\"alignleft\" title=\"2009-04-09\" src=\"http:\/\/quadracode.com\/hub\/blog\/eng\/wp-content\/uploads\/2011\/07\/2009-04-09-150x150.png\" alt=\"\" width=\"150\" height=\"150\" \/><\/a><strong>15 Luglio 2009<\/strong><br \/>\nAncora pi\u00f9 leggeri, con un lettore musicale che sembra&#8230; un accendino. L&#8217;iPod Shuffle non ha un display, ma legge i titoli delle canzoni \u00a0direttamente all&#8217;ascoltatore.<\/li>\n<li><a href=\"http:\/\/quadracode.com\/hub\/blog\/eng\/wp-content\/uploads\/2011\/07\/2010-05-07.png\"><img loading=\"lazy\" decoding=\"async\" class=\"alignleft\" title=\"2010-05-07\" src=\"http:\/\/quadracode.com\/hub\/blog\/eng\/wp-content\/uploads\/2011\/07\/2010-05-07-150x150.png\" alt=\"\" width=\"150\" height=\"150\" \/><\/a><strong>7 Maggio 2010<\/strong><br \/>\nAll&#8217;inizio, iPad viene deriso da tutti. Ma in meno di un anno, rivoluzioner\u00e0 una parte del mondo del computer: molte persone inizieranno a comprarlo INVECE di acquistare un vero computer, perch\u00e9 &#8220;questo basta&#8221; per navigare in rete e mandare email. Ah, e per usare Facebook. Anche il mondo del commercio \u00e8 colpito da iPad: gli uomini d&#8217;affari possono ora presentare i propri prodotti su un piccolo e veloce tablet senza dover aprire, connettere ed aspettare il caricamento di un laptop tradizionale.<br \/>\nCome iPhone, non ha Adobe Flash. Ma alla fine non importa a nessuno.<\/li>\n<\/ul>\n<\/div>\n<\/div>\n","protected":false},"excerpt":{"rendered":"<p>Apple \u00e8 sulla bocca di tutti. Uno dei migliori modi per visualizzare la storia di una azienda informatica \u00e8 attraverso il suo sito, e come questo \u00e8 cambiato nel corso degli anni. Vi presentiamo una serie di screenshot della home page di\u00a0Apple.com: uno per ogni anno, dal 1997 al 2010. Buon viaggio! TIP: Non abbiamo&hellip; <a class=\"read-more\" href=\"https:\/\/quadracode.com\/hub\/14-anni-di-apple-in-14-screenshot\/\">Leggi di pi\u00f9<\/a><\/p>\n","protected":false},"author":1,"featured_media":0,"comment_status":"open","ping_status":"closed","sticky":false,"template":"","format":"standard","meta":{"_acf_changed":false,"_seopress_robots_primary_cat":"","_seopress_titles_title":"","_seopress_titles_desc":"","_seopress_robots_index":"","footnotes":""},"categories":[49,7],"tags":[],"class_list":["post-527","post","type-post","status-publish","format-standard","hentry","category-mac","category-comunicazioni-blog"],"acf":[],"fimg_url":false,"_links":{"self":[{"href":"https:\/\/quadracode.com\/hub\/wp-json\/wp\/v2\/posts\/527","targetHints":{"allow":["GET"]}}],"collection":[{"href":"https:\/\/quadracode.com\/hub\/wp-json\/wp\/v2\/posts"}],"about":[{"href":"https:\/\/quadracode.com\/hub\/wp-json\/wp\/v2\/types\/post"}],"author":[{"embeddable":true,"href":"https:\/\/quadracode.com\/hub\/wp-json\/wp\/v2\/users\/1"}],"replies":[{"embeddable":true,"href":"https:\/\/quadracode.com\/hub\/wp-json\/wp\/v2\/comments?post=527"}],"version-history":[{"count":7,"href":"https:\/\/quadracode.com\/hub\/wp-json\/wp\/v2\/posts\/527\/revisions"}],"predecessor-version":[{"id":530,"href":"https:\/\/quadracode.com\/hub\/wp-json\/wp\/v2\/posts\/527\/revisions\/530"}],"wp:attachment":[{"href":"https:\/\/quadracode.com\/hub\/wp-json\/wp\/v2\/media?parent=527"}],"wp:term":[{"taxonomy":"category","embeddable":true,"href":"https:\/\/quadracode.com\/hub\/wp-json\/wp\/v2\/categories?post=527"},{"taxonomy":"post_tag","embeddable":true,"href":"https:\/\/quadracode.com\/hub\/wp-json\/wp\/v2\/tags?post=527"}],"curies":[{"name":"wp","href":"https:\/\/api.w.org\/{rel}","templated":true}]}}